{"id":1135,"date":"2021-10-13T08:04:19","date_gmt":"2021-10-13T13:04:19","guid":{"rendered":"http:\/\/lanotaeducativa.com\/letras-y-numeros\/?p=1135"},"modified":"2021-10-13T08:04:20","modified_gmt":"2021-10-13T13:04:20","slug":"colegios-publicos-y-privados-del-pais-compiten-en-la-tercera-version-del-gran-challenge-episodio-gerencial-2021","status":"publish","type":"post","link":"http:\/\/lanotaeducativa.com\/letras-y-numeros\/colegios-publicos-y-privados-del-pais-compiten-en-la-tercera-version-del-gran-challenge-episodio-gerencial-2021\/","title":{"rendered":"Colegios p\u00fablicos y privados del pa\u00eds compiten en la tercera versi\u00f3n del gran Challenge Episodio Gerencial 2021"},"content":{"rendered":"\n<p>La Universidad Cooperativa de Colombia en alianza con 22 colegios p\u00fablicos y privados de las ciudades de Bogot\u00e1, Medell\u00edn, Bucaramanga y Cali inician la tercera versi\u00f3n del Challenge Episodio Gerencial 2021, que tiene como objetivo principal poner a prueba el proceso formativo de los estudiantes de und\u00e9cimo grado, y a su vez el descubrimiento y desarrollo de sus <em>habilidades blandas<\/em> que son vitales para el proceso de transformaci\u00f3n que se est\u00e1 viviendo en el mercado laboral, en donde muchas organizaciones se enfrentan a grandes desaf\u00edos desde la estructura, la transformaci\u00f3n digital, la gesti\u00f3n de talento, la continuidad del negocio.<\/p>\n\n\n\n<p>Este desaf\u00edo es el \u00fanico que se ha llevado a cabo en el pa\u00eds y busca desarrollar en los j\u00f3venes destrezas para la toma de decisiones en empresas ficticias.<\/p>\n\n\n\n<p><em>\u201cEl reto o competencia es una simulaci\u00f3n gerencial a trav\u00e9s de un software que pone a prueba a 65 equipos en habilidades tecnol\u00f3gicas y blandas como lo son el liderazgo, trabajo en equipo, capacidad de resoluci\u00f3n de problemas, planteamiento de estrategias, comunicaci\u00f3n. Al igual que el proceso acad\u00e9mico de los j\u00f3venes de grados 11. All\u00ed, los j\u00f3venes deben tomar decisiones en temas relacionados a ventas, compras, publicidad, contrataci\u00f3n de personal. Posteriormente el software a trav\u00e9s de una simulaci\u00f3n califica su estrategia, su plan de acci\u00f3n inform\u00e1ndoles el impacto positivo o negativo para la empresa ficticia en aspectos de si su acci\u00f3n baj\u00f3 o subi\u00f3, si obtuvo ganancias o p\u00e9rdidas, si entra en crisis, renuncias o despidos\u201d,<\/em> explica John Alexander \u00c1lvarez, coordinador del desaf\u00edo la Facultad de Ciencias Econ\u00f3micas y Administrativas de la Universidad Cooperativa de Colombia.<\/p>\n\n\n\n<p>Esta tercera versi\u00f3n del Challenge se realiza en cuatro fases, cada una con un tiempo estipulado de 2 semanas, en las cuales los estudiantes deben tomar cuatro decisiones en una sola jornada respecto a la gerencia de su organizaci\u00f3n.<\/p>\n\n\n\n<p>Durante esta edici\u00f3n habr\u00e1 12 equipos finalistas que ser\u00e1n seleccionados con base a la sumatoria de puntos acumulados a lo largo de cada fase. En la fase final, que ser\u00e1 en el mes de noviembre, llegar\u00e1n 3 grupos que deber\u00e1n presentar su empresa ante el jurado y el ganador ser\u00e1 el equipo que haya acumulado m\u00e1s puntos durante las cuatro fases del challenge.<\/p>\n\n\n\n<p>Los ganadores y los equipos participantes recibir\u00e1n diferentes premios como computadores port\u00e1tiles, tabletas, smart watch y sus respectivos certificados de haber participado en este reto.<\/p>\n\n\n\n<p><em>\u201cEsperamos que esta tercera versi\u00f3n en donde por primera vez participan 4 ciudades se extienda el pr\u00f3ximo a\u00f1o a m\u00e1s ciudades y colegios del pa\u00eds, con el fin que m\u00e1s j\u00f3venes tengan la oportunidad de poner a prueba sus habilidades y sobre todo les ayude a su orientaci\u00f3n vocacional y elecci\u00f3n de la carrera profesional, al igual que descubrir un nuevo talento u oportunidad de emprender\u201d,<\/em> se\u00f1al\u00f3 \u00c1lvarez.&nbsp;<\/p>\n\n\n\n<p>Este tipo de iniciativas ha generado una serie de oportunidades para los j\u00f3venes y docentes de las instituciones acad\u00e9micas en comprender y prepararse hacia el proceso de transformaci\u00f3n que est\u00e1n atravesando todas las industrias en Am\u00e9rica Latina y a nivel mundial, teniendo en cuenta los cambios generados por la situaci\u00f3n sanitaria actual.<\/p>\n","protected":false},"excerpt":{"rendered":"<p>La Universidad Cooperativa de Colombia en alianza con 22 colegios p\u00fablicos y privados de las ciudades de Bogot\u00e1, Medell\u00edn, Bucaramanga y Cali inician la tercera versi\u00f3n del Challenge Episodio Gerencial 2021, que tiene como objetivo principal poner a prueba el proceso formativo de los estudiantes de und\u00e9cimo grado, y a su vez el descubrimiento y &hellip;<\/p>\n<p class=\"read-more\"> <a class=\"\" href=\"http:\/\/lanotaeducativa.com\/letras-y-numeros\/colegios-publicos-y-privados-del-pais-compiten-en-la-tercera-version-del-gran-challenge-episodio-gerencial-2021\/\"> <span class=\"screen-reader-text\">Colegios p\u00fablicos y privados del pa\u00eds compiten en la tercera versi\u00f3n del gran Challenge Episodio Gerencial 2021<\/span> Leer m\u00e1s &raquo;<\/a><\/p>\n","protected":false},"author":3,"featured_media":1136,"comment_status":"open","ping_status":"open","sticky":false,"template":"","format":"standard","meta":{"om_disable_all_campaigns":false,"_monsterinsights_skip_tracking":false,"_monsterinsights_sitenote_active":false,"_monsterinsights_sitenote_note":"","_monsterinsights_sitenote_category":0,"_uf_show_specific_survey":0,"_uf_disable_surveys":false,"site-sidebar-layout":"default","site-content-layout":"default","ast-global-header-display":"","ast-banner-title-visibility":"","ast-main-header-display":"","ast-hfb-above-header-display":"","ast-hfb-below-header-display":"","ast-hfb-mobile-header-display":"","site-post-title":"","ast-breadcrumbs-content":"","ast-featured-img":"","footer-sml-layout":"","theme-transparent-header-meta":"default","adv-header-id-meta":"","stick-header-meta":"","header-above-stick-meta":"","header-main-stick-meta":"","header-below-stick-meta":""},"categories":[1],"tags":[],"aioseo_notices":[],"yoast_head":"<!-- This site is optimized with the Yoast SEO plugin v20.9 - https:\/\/yoast.com\/wordpress\/plugins\/seo\/ -->\n<title>Colegios p\u00fablicos y privados del pa\u00eds compiten en la tercera versi\u00f3n del gran Challenge Episodio Gerencial 2021 - Letras y N\u00fameros<\/title>\n<meta name=\"robots\" content=\"index, follow, max-snippet:-1, max-image-preview:large, max-video-preview:-1\" \/>\n<link rel=\"canonical\" href=\"http:\/\/lanotaeducativa.com\/letras-y-numeros\/colegios-publicos-y-privados-del-pais-compiten-en-la-tercera-version-del-gran-challenge-episodio-gerencial-2021\/\" \/>\n<meta property=\"og:locale\" content=\"es_ES\" \/>\n<meta property=\"og:type\" content=\"article\" \/>\n<meta property=\"og:title\" content=\"Colegios p\u00fablicos y privados del pa\u00eds compiten en la tercera versi\u00f3n del gran Challenge Episodio Gerencial 2021 - Letras y N\u00fameros\" \/>\n<meta property=\"og:description\" content=\"La Universidad Cooperativa de Colombia en alianza con 22 colegios p\u00fablicos y privados de las ciudades de Bogot\u00e1, Medell\u00edn, Bucaramanga y Cali inician la tercera versi\u00f3n del Challenge Episodio Gerencial 2021, que tiene como objetivo principal poner a prueba el proceso formativo de los estudiantes de und\u00e9cimo grado, y a su vez el descubrimiento y &hellip; Colegios p\u00fablicos y privados del pa\u00eds compiten en la tercera versi\u00f3n del gran Challenge Episodio Gerencial 2021 Leer m\u00e1s &raquo;\" \/>\n<meta property=\"og:url\" content=\"http:\/\/lanotaeducativa.com\/letras-y-numeros\/colegios-publicos-y-privados-del-pais-compiten-en-la-tercera-version-del-gran-challenge-episodio-gerencial-2021\/\" \/>\n<meta property=\"og:site_name\" content=\"Letras y N\u00fameros\" \/>\n<meta property=\"article:published_time\" content=\"2021-10-13T13:04:19+00:00\" \/>\n<meta property=\"article:modified_time\" content=\"2021-10-13T13:04:20+00:00\" \/>\n<meta property=\"og:image\" content=\"http:\/\/lanotaeducativa.com\/letras-y-numeros\/wp-content\/uploads\/2021\/10\/unnamed-file.jpg\" \/>\n\t<meta property=\"og:image:width\" content=\"1350\" \/>\n\t<meta property=\"og:image:height\" content=\"694\" \/>\n\t<meta property=\"og:image:type\" content=\"image\/jpeg\" \/>\n<meta name=\"author\" content=\"jpaola\" \/>\n<meta name=\"twitter:card\" content=\"summary_large_image\" \/>\n<meta name=\"twitter:label1\" content=\"Escrito por\" \/>\n\t<meta name=\"twitter:data1\" content=\"jpaola\" \/>\n\t<meta name=\"twitter:label2\" content=\"Tiempo estimado de lectura\" \/>\n\t<meta name=\"twitter:data2\" content=\"3 minutos\" \/>\n<script type=\"application\/ld+json\" class=\"yoast-schema-graph\">{\"@context\":\"https:\/\/schema.org\",\"@graph\":[{\"@type\":\"Article\",\"@id\":\"http:\/\/lanotaeducativa.com\/letras-y-numeros\/colegios-publicos-y-privados-del-pais-compiten-en-la-tercera-version-del-gran-challenge-episodio-gerencial-2021\/#article\",\"isPartOf\":{\"@id\":\"http:\/\/lanotaeducativa.com\/letras-y-numeros\/colegios-publicos-y-privados-del-pais-compiten-en-la-tercera-version-del-gran-challenge-episodio-gerencial-2021\/\"},\"author\":{\"name\":\"jpaola\",\"@id\":\"http:\/\/lanotaeducativa.com\/letras-y-numeros\/#\/schema\/person\/e031661828e06d947e45e0b0bd8af469\"},\"headline\":\"Colegios p\u00fablicos y privados del pa\u00eds compiten en la tercera versi\u00f3n del gran Challenge Episodio Gerencial 2021\",\"datePublished\":\"2021-10-13T13:04:19+00:00\",\"dateModified\":\"2021-10-13T13:04:20+00:00\",\"mainEntityOfPage\":{\"@id\":\"http:\/\/lanotaeducativa.com\/letras-y-numeros\/colegios-publicos-y-privados-del-pais-compiten-en-la-tercera-version-del-gran-challenge-episodio-gerencial-2021\/\"},\"wordCount\":576,\"commentCount\":0,\"publisher\":{\"@id\":\"http:\/\/lanotaeducativa.com\/letras-y-numeros\/#organization\"},\"inLanguage\":\"es-CO\",\"potentialAction\":[{\"@type\":\"CommentAction\",\"name\":\"Comment\",\"target\":[\"http:\/\/lanotaeducativa.com\/letras-y-numeros\/colegios-publicos-y-privados-del-pais-compiten-en-la-tercera-version-del-gran-challenge-episodio-gerencial-2021\/#respond\"]}]},{\"@type\":\"WebPage\",\"@id\":\"http:\/\/lanotaeducativa.com\/letras-y-numeros\/colegios-publicos-y-privados-del-pais-compiten-en-la-tercera-version-del-gran-challenge-episodio-gerencial-2021\/\",\"url\":\"http:\/\/lanotaeducativa.com\/letras-y-numeros\/colegios-publicos-y-privados-del-pais-compiten-en-la-tercera-version-del-gran-challenge-episodio-gerencial-2021\/\",\"name\":\"Colegios p\u00fablicos y privados del pa\u00eds compiten en la tercera versi\u00f3n del gran Challenge Episodio Gerencial 2021 - Letras y N\u00fameros\",\"isPartOf\":{\"@id\":\"http:\/\/lanotaeducativa.com\/letras-y-numeros\/#website\"},\"datePublished\":\"2021-10-13T13:04:19+00:00\",\"dateModified\":\"2021-10-13T13:04:20+00:00\",\"breadcrumb\":{\"@id\":\"http:\/\/lanotaeducativa.com\/letras-y-numeros\/colegios-publicos-y-privados-del-pais-compiten-en-la-tercera-version-del-gran-challenge-episodio-gerencial-2021\/#breadcrumb\"},\"inLanguage\":\"es-CO\",\"potentialAction\":[{\"@type\":\"ReadAction\",\"target\":[\"http:\/\/lanotaeducativa.com\/letras-y-numeros\/colegios-publicos-y-privados-del-pais-compiten-en-la-tercera-version-del-gran-challenge-episodio-gerencial-2021\/\"]}]},{\"@type\":\"BreadcrumbList\",\"@id\":\"http:\/\/lanotaeducativa.com\/letras-y-numeros\/colegios-publicos-y-privados-del-pais-compiten-en-la-tercera-version-del-gran-challenge-episodio-gerencial-2021\/#breadcrumb\",\"itemListElement\":[{\"@type\":\"ListItem\",\"position\":1,\"name\":\"Home\",\"item\":\"http:\/\/lanotaeducativa.com\/letras-y-numeros\/\"},{\"@type\":\"ListItem\",\"position\":2,\"name\":\"Colegios p\u00fablicos y privados del pa\u00eds compiten en la tercera versi\u00f3n del gran Challenge Episodio Gerencial 2021\"}]},{\"@type\":\"WebSite\",\"@id\":\"http:\/\/lanotaeducativa.com\/letras-y-numeros\/#website\",\"url\":\"http:\/\/lanotaeducativa.com\/letras-y-numeros\/\",\"name\":\"Letras y N\u00fameros\",\"description\":\"La Nota Educativa\",\"publisher\":{\"@id\":\"http:\/\/lanotaeducativa.com\/letras-y-numeros\/#organization\"},\"potentialAction\":[{\"@type\":\"SearchAction\",\"target\":{\"@type\":\"EntryPoint\",\"urlTemplate\":\"http:\/\/lanotaeducativa.com\/letras-y-numeros\/?s={search_term_string}\"},\"query-input\":\"required name=search_term_string\"}],\"inLanguage\":\"es-CO\"},{\"@type\":\"Organization\",\"@id\":\"http:\/\/lanotaeducativa.com\/letras-y-numeros\/#organization\",\"name\":\"La Nota Educativa\",\"url\":\"http:\/\/lanotaeducativa.com\/letras-y-numeros\/\",\"logo\":{\"@type\":\"ImageObject\",\"inLanguage\":\"es-CO\",\"@id\":\"http:\/\/lanotaeducativa.com\/letras-y-numeros\/#\/schema\/logo\/image\/\",\"url\":\"http:\/\/lanotaeducativa.com\/letras-y-numeros\/wp-content\/uploads\/2020\/03\/logo.png\",\"contentUrl\":\"http:\/\/lanotaeducativa.com\/letras-y-numeros\/wp-content\/uploads\/2020\/03\/logo.png\",\"width\":359,\"height\":110,\"caption\":\"La Nota Educativa\"},\"image\":{\"@id\":\"http:\/\/lanotaeducativa.com\/letras-y-numeros\/#\/schema\/logo\/image\/\"}},{\"@type\":\"Person\",\"@id\":\"http:\/\/lanotaeducativa.com\/letras-y-numeros\/#\/schema\/person\/e031661828e06d947e45e0b0bd8af469\",\"name\":\"jpaola\",\"image\":{\"@type\":\"ImageObject\",\"inLanguage\":\"es-CO\",\"@id\":\"http:\/\/lanotaeducativa.com\/letras-y-numeros\/#\/schema\/person\/image\/\",\"url\":\"http:\/\/2.gravatar.com\/avatar\/500269047c09faf926cb71a15a39258b?s=96&d=mm&r=g\",\"contentUrl\":\"http:\/\/2.gravatar.com\/avatar\/500269047c09faf926cb71a15a39258b?s=96&d=mm&r=g\",\"caption\":\"jpaola\"},\"url\":\"http:\/\/lanotaeducativa.com\/letras-y-numeros\/author\/jpaola\/\"}]}<\/script>\n<!-- \/ Yoast SEO plugin. -->","yoast_head_json":{"title":"Colegios p\u00fablicos y privados del pa\u00eds compiten en la tercera versi\u00f3n del gran Challenge Episodio Gerencial 2021 - Letras y N\u00fameros","robots":{"index":"index","follow":"follow","max-snippet":"max-snippet:-1","max-image-preview":"max-image-preview:large","max-video-preview":"max-video-preview:-1"},"canonical":"http:\/\/lanotaeducativa.com\/letras-y-numeros\/colegios-publicos-y-privados-del-pais-compiten-en-la-tercera-version-del-gran-challenge-episodio-gerencial-2021\/","og_locale":"es_ES","og_type":"article","og_title":"Colegios p\u00fablicos y privados del pa\u00eds compiten en la tercera versi\u00f3n del gran Challenge Episodio Gerencial 2021 - Letras y N\u00fameros","og_description":"La Universidad Cooperativa de Colombia en alianza con 22 colegios p\u00fablicos y privados de las ciudades de Bogot\u00e1, Medell\u00edn, Bucaramanga y Cali inician la tercera versi\u00f3n del Challenge Episodio Gerencial 2021, que tiene como objetivo principal poner a prueba el proceso formativo de los estudiantes de und\u00e9cimo grado, y a su vez el descubrimiento y &hellip; Colegios p\u00fablicos y privados del pa\u00eds compiten en la tercera versi\u00f3n del gran Challenge Episodio Gerencial 2021 Leer m\u00e1s &raquo;","og_url":"http:\/\/lanotaeducativa.com\/letras-y-numeros\/colegios-publicos-y-privados-del-pais-compiten-en-la-tercera-version-del-gran-challenge-episodio-gerencial-2021\/","og_site_name":"Letras y N\u00fameros","article_published_time":"2021-10-13T13:04:19+00:00","article_modified_time":"2021-10-13T13:04:20+00:00","og_image":[{"width":1350,"height":694,"url":"http:\/\/lanotaeducativa.com\/letras-y-numeros\/wp-content\/uploads\/2021\/10\/unnamed-file.jpg","type":"image\/jpeg"}],"author":"jpaola","twitter_card":"summary_large_image","twitter_misc":{"Escrito por":"jpaola","Tiempo estimado de lectura":"3 minutos"},"schema":{"@context":"https:\/\/schema.org","@graph":[{"@type":"Article","@id":"http:\/\/lanotaeducativa.com\/letras-y-numeros\/colegios-publicos-y-privados-del-pais-compiten-en-la-tercera-version-del-gran-challenge-episodio-gerencial-2021\/#article","isPartOf":{"@id":"http:\/\/lanotaeducativa.com\/letras-y-numeros\/colegios-publicos-y-privados-del-pais-compiten-en-la-tercera-version-del-gran-challenge-episodio-gerencial-2021\/"},"author":{"name":"jpaola","@id":"http:\/\/lanotaeducativa.com\/letras-y-numeros\/#\/schema\/person\/e031661828e06d947e45e0b0bd8af469"},"headline":"Colegios p\u00fablicos y privados del pa\u00eds compiten en la tercera versi\u00f3n del gran Challenge Episodio Gerencial 2021","datePublished":"2021-10-13T13:04:19+00:00","dateModified":"2021-10-13T13:04:20+00:00","mainEntityOfPage":{"@id":"http:\/\/lanotaeducativa.com\/letras-y-numeros\/colegios-publicos-y-privados-del-pais-compiten-en-la-tercera-version-del-gran-challenge-episodio-gerencial-2021\/"},"wordCount":576,"commentCount":0,"publisher":{"@id":"http:\/\/lanotaeducativa.com\/letras-y-numeros\/#organization"},"inLanguage":"es-CO","potentialAction":[{"@type":"CommentAction","name":"Comment","target":["http:\/\/lanotaeducativa.com\/letras-y-numeros\/colegios-publicos-y-privados-del-pais-compiten-en-la-tercera-version-del-gran-challenge-episodio-gerencial-2021\/#respond"]}]},{"@type":"WebPage","@id":"http:\/\/lanotaeducativa.com\/letras-y-numeros\/colegios-publicos-y-privados-del-pais-compiten-en-la-tercera-version-del-gran-challenge-episodio-gerencial-2021\/","url":"http:\/\/lanotaeducativa.com\/letras-y-numeros\/colegios-publicos-y-privados-del-pais-compiten-en-la-tercera-version-del-gran-challenge-episodio-gerencial-2021\/","name":"Colegios p\u00fablicos y privados del pa\u00eds compiten en la tercera versi\u00f3n del gran Challenge Episodio Gerencial 2021 - Letras y N\u00fameros","isPartOf":{"@id":"http:\/\/lanotaeducativa.com\/letras-y-numeros\/#website"},"datePublished":"2021-10-13T13:04:19+00:00","dateModified":"2021-10-13T13:04:20+00:00","breadcrumb":{"@id":"http:\/\/lanotaeducativa.com\/letras-y-numeros\/colegios-publicos-y-privados-del-pais-compiten-en-la-tercera-version-del-gran-challenge-episodio-gerencial-2021\/#breadcrumb"},"inLanguage":"es-CO","potentialAction":[{"@type":"ReadAction","target":["http:\/\/lanotaeducativa.com\/letras-y-numeros\/colegios-publicos-y-privados-del-pais-compiten-en-la-tercera-version-del-gran-challenge-episodio-gerencial-2021\/"]}]},{"@type":"BreadcrumbList","@id":"http:\/\/lanotaeducativa.com\/letras-y-numeros\/colegios-publicos-y-privados-del-pais-compiten-en-la-tercera-version-del-gran-challenge-episodio-gerencial-2021\/#breadcrumb","itemListElement":[{"@type":"ListItem","position":1,"name":"Home","item":"http:\/\/lanotaeducativa.com\/letras-y-numeros\/"},{"@type":"ListItem","position":2,"name":"Colegios p\u00fablicos y privados del pa\u00eds compiten en la tercera versi\u00f3n del gran Challenge Episodio Gerencial 2021"}]},{"@type":"WebSite","@id":"http:\/\/lanotaeducativa.com\/letras-y-numeros\/#website","url":"http:\/\/lanotaeducativa.com\/letras-y-numeros\/","name":"Letras y N\u00fameros","description":"La Nota Educativa","publisher":{"@id":"http:\/\/lanotaeducativa.com\/letras-y-numeros\/#organization"},"potentialAction":[{"@type":"SearchAction","target":{"@type":"EntryPoint","urlTemplate":"http:\/\/lanotaeducativa.com\/letras-y-numeros\/?s={search_term_string}"},"query-input":"required name=search_term_string"}],"inLanguage":"es-CO"},{"@type":"Organization","@id":"http:\/\/lanotaeducativa.com\/letras-y-numeros\/#organization","name":"La Nota Educativa","url":"http:\/\/lanotaeducativa.com\/letras-y-numeros\/","logo":{"@type":"ImageObject","inLanguage":"es-CO","@id":"http:\/\/lanotaeducativa.com\/letras-y-numeros\/#\/schema\/logo\/image\/","url":"http:\/\/lanotaeducativa.com\/letras-y-numeros\/wp-content\/uploads\/2020\/03\/logo.png","contentUrl":"http:\/\/lanotaeducativa.com\/letras-y-numeros\/wp-content\/uploads\/2020\/03\/logo.png","width":359,"height":110,"caption":"La Nota Educativa"},"image":{"@id":"http:\/\/lanotaeducativa.com\/letras-y-numeros\/#\/schema\/logo\/image\/"}},{"@type":"Person","@id":"http:\/\/lanotaeducativa.com\/letras-y-numeros\/#\/schema\/person\/e031661828e06d947e45e0b0bd8af469","name":"jpaola","image":{"@type":"ImageObject","inLanguage":"es-CO","@id":"http:\/\/lanotaeducativa.com\/letras-y-numeros\/#\/schema\/person\/image\/","url":"http:\/\/2.gravatar.com\/avatar\/500269047c09faf926cb71a15a39258b?s=96&d=mm&r=g","contentUrl":"http:\/\/2.gravatar.com\/avatar\/500269047c09faf926cb71a15a39258b?s=96&d=mm&r=g","caption":"jpaola"},"url":"http:\/\/lanotaeducativa.com\/letras-y-numeros\/author\/jpaola\/"}]}},"_links":{"self":[{"href":"http:\/\/lanotaeducativa.com\/letras-y-numeros\/wp-json\/wp\/v2\/posts\/1135"}],"collection":[{"href":"http:\/\/lanotaeducativa.com\/letras-y-numeros\/wp-json\/wp\/v2\/posts"}],"about":[{"href":"http:\/\/lanotaeducativa.com\/letras-y-numeros\/wp-json\/wp\/v2\/types\/post"}],"author":[{"embeddable":true,"href":"http:\/\/lanotaeducativa.com\/letras-y-numeros\/wp-json\/wp\/v2\/users\/3"}],"replies":[{"embeddable":true,"href":"http:\/\/lanotaeducativa.com\/letras-y-numeros\/wp-json\/wp\/v2\/comments?post=1135"}],"version-history":[{"count":1,"href":"http:\/\/lanotaeducativa.com\/letras-y-numeros\/wp-json\/wp\/v2\/posts\/1135\/revisions"}],"predecessor-version":[{"id":1137,"href":"http:\/\/lanotaeducativa.com\/letras-y-numeros\/wp-json\/wp\/v2\/posts\/1135\/revisions\/1137"}],"wp:featuredmedia":[{"embeddable":true,"href":"http:\/\/lanotaeducativa.com\/letras-y-numeros\/wp-json\/wp\/v2\/media\/1136"}],"wp:attachment":[{"href":"http:\/\/lanotaeducativa.com\/letras-y-numeros\/wp-json\/wp\/v2\/media?parent=1135"}],"wp:term":[{"taxonomy":"category","embeddable":true,"href":"http:\/\/lanotaeducativa.com\/letras-y-numeros\/wp-json\/wp\/v2\/categories?post=1135"},{"taxonomy":"post_tag","embeddable":true,"href":"http:\/\/lanotaeducativa.com\/letras-y-numeros\/wp-json\/wp\/v2\/tags?post=1135"}],"curies":[{"name":"wp","href":"https:\/\/api.w.org\/{rel}","templated":true}]}}