{"id":1138,"date":"2021-10-13T08:10:41","date_gmt":"2021-10-13T13:10:41","guid":{"rendered":"http:\/\/lanotaeducativa.com\/letras-y-numeros\/?p=1138"},"modified":"2021-10-13T08:10:43","modified_gmt":"2021-10-13T13:10:43","slug":"con-un-conversatorio-sobre-afganistan-la-universidad-sergio-arboleda-presenta-su-nueva-escuela-de-historia","status":"publish","type":"post","link":"http:\/\/lanotaeducativa.com\/letras-y-numeros\/con-un-conversatorio-sobre-afganistan-la-universidad-sergio-arboleda-presenta-su-nueva-escuela-de-historia\/","title":{"rendered":"CON UN CONVERSATORIO SOBRE AFGANIST\u00c1N, LA UNIVERSIDAD SERGIO ARBOLEDA PRESENTA SU NUEVA ESCUELA DE HISTORIA"},"content":{"rendered":"\n<ul><li>La presentaci\u00f3n se llevar\u00e1 a cabo el jueves 14 de octubre a las 3:00 p.m, en el marco del conversatorio &#8220;Afganist\u00e1n y el declive de Occidente&#8221;.&nbsp;<\/li><\/ul>\n\n\n\n<ul><li>Un pregrado, una maestr\u00eda y un doctorado en Ciencias Sociales con \u00e9nfasis en Historia integran la oferta acad\u00e9mica de este espacio acad\u00e9mico de la Universidad Sergio Arboleda.<strong>&nbsp;<\/strong><\/li><\/ul>\n\n\n\n<p>Con el objetivo de formar y actualizar a las personas interesadas en los procesos de la humanidad a trav\u00e9s del tiempo, la Universidad Sergio Arboleda presenta la Escuela de Historia, integrada por un pregrado, una maestr\u00eda y un doctorado.\u00a0\u00a0<\/p>\n\n\n\n<p>La presentaci\u00f3n de la nueva unidad acad\u00e9mica se llevar\u00e1 a cabo el jueves 14 de octubre, con el conversatorio &#8220;Afganist\u00e1n y el declive de Occidente&#8221;, que contar\u00e1 con la participaci\u00f3n de Jos\u00e9 \u00c1ngel Hern\u00e1ndez, decano de la Escuela de Historia; Margarita Cadavid Otero, internacionalista, especialista en Derechos Humanos y Defensa ante Sistemas Internacionales de Protecci\u00f3n, y Fernando Cvitanic, comunicador social y periodista,&nbsp;y mag\u00edster en Relaciones Internacionales, del Instituto Universitario de Investigaci\u00f3n Ortega y Gasset, Espa\u00f1a.&nbsp;<\/p>\n\n\n\n<p>Con una malla curricular que vincula materias de las Escuelas de Derecho, Pol\u00edtica y Relaciones Internacionales, y Econom\u00eda, el&nbsp;<strong>pregrado en Historia<\/strong>&nbsp;se desarrolla a lo largo de ocho semestres representados en 120 cr\u00e9ditos acad\u00e9micos.&nbsp;<\/p>\n\n\n\n<p>Por su parte, la&nbsp;<strong>Maestr\u00eda en Historia<\/strong>&nbsp;con \u00e9nfasis en Historia Contempor\u00e1nea brinda&nbsp;&nbsp;la posibilidad de cursar asignaturas complementarias en la sede de la Universidad Sergio Arboleda en Espa\u00f1a.&nbsp;&nbsp;<\/p>\n\n\n\n<p>De otro lado,&nbsp;los profesionales de la Escuela de Historia que est\u00e9n interesados en continuar su formaci\u00f3n, tienen la oportunidad de hacer el Doctorado en Ciencias Sociales y Humanas de La Sergio, el cual contempla esta \u00e1rea del conocimiento como l\u00ednea de profundizaci\u00f3n.&nbsp;&nbsp;<\/p>\n\n\n\n<p>De esta manera, la Escuela de Historia se suma a la oferta acad\u00e9mica de la Universidad Sergio Arboleda, cuya propuesta de formaci\u00f3n se fundamenta en el humanismo y en el desarrollo de competencias propias del mundo 4.0.&nbsp;&nbsp;<\/p>\n\n\n\n<p>El evento acad\u00e9mico de lanzamiento podr\u00e1 seguirse en vivo a trav\u00e9s de las redes sociales de la Universidad Sergio Arboleda.&nbsp;<\/p>\n\n\n\n<p>Conoce m\u00e1s aqu\u00ed:&nbsp;<a href=\"https:\/\/mailtrack.io\/trace\/link\/234daea441ad50fd0297479e75cee26378d23ad2?url=https%3A%2F%2Fbit.ly%2F3lvZiM3&amp;userId=5080629&amp;signature=fb4f915dbe308502\" target=\"_blank\" rel=\"noreferrer noopener\">https:\/\/bit.ly\/3lvZiM3<\/a>&nbsp;<\/p>\n\n\n\n<figure class=\"wp-block-image size-large\"><img decoding=\"async\" loading=\"lazy\" width=\"612\" height=\"1024\" src=\"http:\/\/lanotaeducativa.com\/letras-y-numeros\/wp-content\/uploads\/2021\/10\/unnamed-2-612x1024.jpg\" alt=\"\" class=\"wp-image-1139\" srcset=\"http:\/\/lanotaeducativa.com\/letras-y-numeros\/wp-content\/uploads\/2021\/10\/unnamed-2-612x1024.jpg 612w, http:\/\/lanotaeducativa.com\/letras-y-numeros\/wp-content\/uploads\/2021\/10\/unnamed-2-179x300.jpg 179w, http:\/\/lanotaeducativa.com\/letras-y-numeros\/wp-content\/uploads\/2021\/10\/unnamed-2-768x1285.jpg 768w, http:\/\/lanotaeducativa.com\/letras-y-numeros\/wp-content\/uploads\/2021\/10\/unnamed-2-918x1536.jpg 918w, http:\/\/lanotaeducativa.com\/letras-y-numeros\/wp-content\/uploads\/2021\/10\/unnamed-2-1224x2048.jpg 1224w, http:\/\/lanotaeducativa.com\/letras-y-numeros\/wp-content\/uploads\/2021\/10\/unnamed-2.jpg 1275w\" sizes=\"(max-width: 612px) 100vw, 612px\" \/><\/figure>\n","protected":false},"excerpt":{"rendered":"<p>La presentaci\u00f3n se llevar\u00e1 a cabo el jueves 14 de octubre a las 3:00 p.m, en el marco del conversatorio &#8220;Afganist\u00e1n y el declive de Occidente&#8221;.&nbsp; Un pregrado, una maestr\u00eda y un doctorado en Ciencias Sociales con \u00e9nfasis en Historia integran la oferta acad\u00e9mica de este espacio acad\u00e9mico de la Universidad Sergio Arboleda.&nbsp; Con el &hellip;<\/p>\n<p class=\"read-more\"> <a class=\"\" href=\"http:\/\/lanotaeducativa.com\/letras-y-numeros\/con-un-conversatorio-sobre-afganistan-la-universidad-sergio-arboleda-presenta-su-nueva-escuela-de-historia\/\"> <span class=\"screen-reader-text\">CON UN CONVERSATORIO SOBRE AFGANIST\u00c1N, LA UNIVERSIDAD SERGIO ARBOLEDA PRESENTA SU NUEVA ESCUELA DE HISTORIA<\/span> Leer m\u00e1s &raquo;<\/a><\/p>\n","protected":false},"author":3,"featured_media":1140,"comment_status":"open","ping_status":"open","sticky":false,"template":"","format":"standard","meta":{"om_disable_all_campaigns":false,"_monsterinsights_skip_tracking":false,"_monsterinsights_sitenote_active":false,"_monsterinsights_sitenote_note":"","_monsterinsights_sitenote_category":0,"_uf_show_specific_survey":0,"_uf_disable_surveys":false,"site-sidebar-layout":"default","site-content-layout":"default","ast-global-header-display":"","ast-banner-title-visibility":"","ast-main-header-display":"","ast-hfb-above-header-display":"","ast-hfb-below-header-display":"","ast-hfb-mobile-header-display":"","site-post-title":"","ast-breadcrumbs-content":"","ast-featured-img":"","footer-sml-layout":"","theme-transparent-header-meta":"default","adv-header-id-meta":"","stick-header-meta":"","header-above-stick-meta":"","header-main-stick-meta":"","header-below-stick-meta":""},"categories":[1],"tags":[],"aioseo_notices":[],"yoast_head":"<!-- This site is optimized with the Yoast SEO plugin v20.9 - https:\/\/yoast.com\/wordpress\/plugins\/seo\/ -->\n<title>CON UN CONVERSATORIO SOBRE AFGANIST\u00c1N, LA UNIVERSIDAD SERGIO ARBOLEDA PRESENTA SU NUEVA ESCUELA DE HISTORIA - Letras y N\u00fameros<\/title>\n<meta name=\"robots\" content=\"index, follow, max-snippet:-1, max-image-preview:large, max-video-preview:-1\" \/>\n<link rel=\"canonical\" href=\"http:\/\/lanotaeducativa.com\/letras-y-numeros\/con-un-conversatorio-sobre-afganistan-la-universidad-sergio-arboleda-presenta-su-nueva-escuela-de-historia\/\" \/>\n<meta property=\"og:locale\" content=\"es_ES\" \/>\n<meta property=\"og:type\" content=\"article\" \/>\n<meta property=\"og:title\" content=\"CON UN CONVERSATORIO SOBRE AFGANIST\u00c1N, LA UNIVERSIDAD SERGIO ARBOLEDA PRESENTA SU NUEVA ESCUELA DE HISTORIA - Letras y N\u00fameros\" \/>\n<meta property=\"og:description\" content=\"La presentaci\u00f3n se llevar\u00e1 a cabo el jueves 14 de octubre a las 3:00 p.m, en el marco del conversatorio &#8220;Afganist\u00e1n y el declive de Occidente&#8221;.&nbsp; Un pregrado, una maestr\u00eda y un doctorado en Ciencias Sociales con \u00e9nfasis en Historia integran la oferta acad\u00e9mica de este espacio acad\u00e9mico de la Universidad Sergio Arboleda.&nbsp; Con el &hellip; CON UN CONVERSATORIO SOBRE AFGANIST\u00c1N, LA UNIVERSIDAD SERGIO ARBOLEDA PRESENTA SU NUEVA ESCUELA DE HISTORIA Leer m\u00e1s &raquo;\" \/>\n<meta property=\"og:url\" content=\"http:\/\/lanotaeducativa.com\/letras-y-numeros\/con-un-conversatorio-sobre-afganistan-la-universidad-sergio-arboleda-presenta-su-nueva-escuela-de-historia\/\" \/>\n<meta property=\"og:site_name\" content=\"Letras y N\u00fameros\" \/>\n<meta property=\"article:published_time\" content=\"2021-10-13T13:10:41+00:00\" \/>\n<meta property=\"article:modified_time\" content=\"2021-10-13T13:10:43+00:00\" \/>\n<meta property=\"og:image\" content=\"http:\/\/lanotaeducativa.com\/letras-y-numeros\/wp-content\/uploads\/2021\/10\/e-learning-class-and-e-book-digital-technology-in-education-concept-with-pc-computer-scaled.jpg\" \/>\n\t<meta property=\"og:image:width\" content=\"2560\" \/>\n\t<meta property=\"og:image:height\" content=\"1707\" \/>\n\t<meta property=\"og:image:type\" content=\"image\/jpeg\" \/>\n<meta name=\"author\" content=\"jpaola\" \/>\n<meta name=\"twitter:card\" content=\"summary_large_image\" \/>\n<meta name=\"twitter:label1\" content=\"Escrito por\" \/>\n\t<meta name=\"twitter:data1\" content=\"jpaola\" \/>\n\t<meta name=\"twitter:label2\" content=\"Tiempo estimado de lectura\" \/>\n\t<meta name=\"twitter:data2\" content=\"2 minutos\" \/>\n<script type=\"application\/ld+json\" class=\"yoast-schema-graph\">{\"@context\":\"https:\/\/schema.org\",\"@graph\":[{\"@type\":\"Article\",\"@id\":\"http:\/\/lanotaeducativa.com\/letras-y-numeros\/con-un-conversatorio-sobre-afganistan-la-universidad-sergio-arboleda-presenta-su-nueva-escuela-de-historia\/#article\",\"isPartOf\":{\"@id\":\"http:\/\/lanotaeducativa.com\/letras-y-numeros\/con-un-conversatorio-sobre-afganistan-la-universidad-sergio-arboleda-presenta-su-nueva-escuela-de-historia\/\"},\"author\":{\"name\":\"jpaola\",\"@id\":\"http:\/\/lanotaeducativa.com\/letras-y-numeros\/#\/schema\/person\/e031661828e06d947e45e0b0bd8af469\"},\"headline\":\"CON UN CONVERSATORIO SOBRE AFGANIST\u00c1N, LA UNIVERSIDAD SERGIO ARBOLEDA PRESENTA SU NUEVA ESCUELA DE HISTORIA\",\"datePublished\":\"2021-10-13T13:10:41+00:00\",\"dateModified\":\"2021-10-13T13:10:43+00:00\",\"mainEntityOfPage\":{\"@id\":\"http:\/\/lanotaeducativa.com\/letras-y-numeros\/con-un-conversatorio-sobre-afganistan-la-universidad-sergio-arboleda-presenta-su-nueva-escuela-de-historia\/\"},\"wordCount\":404,\"commentCount\":0,\"publisher\":{\"@id\":\"http:\/\/lanotaeducativa.com\/letras-y-numeros\/#organization\"},\"inLanguage\":\"es-CO\",\"potentialAction\":[{\"@type\":\"CommentAction\",\"name\":\"Comment\",\"target\":[\"http:\/\/lanotaeducativa.com\/letras-y-numeros\/con-un-conversatorio-sobre-afganistan-la-universidad-sergio-arboleda-presenta-su-nueva-escuela-de-historia\/#respond\"]}]},{\"@type\":\"WebPage\",\"@id\":\"http:\/\/lanotaeducativa.com\/letras-y-numeros\/con-un-conversatorio-sobre-afganistan-la-universidad-sergio-arboleda-presenta-su-nueva-escuela-de-historia\/\",\"url\":\"http:\/\/lanotaeducativa.com\/letras-y-numeros\/con-un-conversatorio-sobre-afganistan-la-universidad-sergio-arboleda-presenta-su-nueva-escuela-de-historia\/\",\"name\":\"CON UN CONVERSATORIO SOBRE AFGANIST\u00c1N, LA UNIVERSIDAD SERGIO ARBOLEDA PRESENTA SU NUEVA ESCUELA DE HISTORIA - Letras y N\u00fameros\",\"isPartOf\":{\"@id\":\"http:\/\/lanotaeducativa.com\/letras-y-numeros\/#website\"},\"datePublished\":\"2021-10-13T13:10:41+00:00\",\"dateModified\":\"2021-10-13T13:10:43+00:00\",\"breadcrumb\":{\"@id\":\"http:\/\/lanotaeducativa.com\/letras-y-numeros\/con-un-conversatorio-sobre-afganistan-la-universidad-sergio-arboleda-presenta-su-nueva-escuela-de-historia\/#breadcrumb\"},\"inLanguage\":\"es-CO\",\"potentialAction\":[{\"@type\":\"ReadAction\",\"target\":[\"http:\/\/lanotaeducativa.com\/letras-y-numeros\/con-un-conversatorio-sobre-afganistan-la-universidad-sergio-arboleda-presenta-su-nueva-escuela-de-historia\/\"]}]},{\"@type\":\"BreadcrumbList\",\"@id\":\"http:\/\/lanotaeducativa.com\/letras-y-numeros\/con-un-conversatorio-sobre-afganistan-la-universidad-sergio-arboleda-presenta-su-nueva-escuela-de-historia\/#breadcrumb\",\"itemListElement\":[{\"@type\":\"ListItem\",\"position\":1,\"name\":\"Home\",\"item\":\"http:\/\/lanotaeducativa.com\/letras-y-numeros\/\"},{\"@type\":\"ListItem\",\"position\":2,\"name\":\"CON UN CONVERSATORIO SOBRE AFGANIST\u00c1N, LA UNIVERSIDAD SERGIO ARBOLEDA PRESENTA SU NUEVA ESCUELA DE HISTORIA\"}]},{\"@type\":\"WebSite\",\"@id\":\"http:\/\/lanotaeducativa.com\/letras-y-numeros\/#website\",\"url\":\"http:\/\/lanotaeducativa.com\/letras-y-numeros\/\",\"name\":\"Letras y N\u00fameros\",\"description\":\"La Nota Educativa\",\"publisher\":{\"@id\":\"http:\/\/lanotaeducativa.com\/letras-y-numeros\/#organization\"},\"potentialAction\":[{\"@type\":\"SearchAction\",\"target\":{\"@type\":\"EntryPoint\",\"urlTemplate\":\"http:\/\/lanotaeducativa.com\/letras-y-numeros\/?s={search_term_string}\"},\"query-input\":\"required name=search_term_string\"}],\"inLanguage\":\"es-CO\"},{\"@type\":\"Organization\",\"@id\":\"http:\/\/lanotaeducativa.com\/letras-y-numeros\/#organization\",\"name\":\"La Nota Educativa\",\"url\":\"http:\/\/lanotaeducativa.com\/letras-y-numeros\/\",\"logo\":{\"@type\":\"ImageObject\",\"inLanguage\":\"es-CO\",\"@id\":\"http:\/\/lanotaeducativa.com\/letras-y-numeros\/#\/schema\/logo\/image\/\",\"url\":\"http:\/\/lanotaeducativa.com\/letras-y-numeros\/wp-content\/uploads\/2020\/03\/logo.png\",\"contentUrl\":\"http:\/\/lanotaeducativa.com\/letras-y-numeros\/wp-content\/uploads\/2020\/03\/logo.png\",\"width\":359,\"height\":110,\"caption\":\"La Nota Educativa\"},\"image\":{\"@id\":\"http:\/\/lanotaeducativa.com\/letras-y-numeros\/#\/schema\/logo\/image\/\"}},{\"@type\":\"Person\",\"@id\":\"http:\/\/lanotaeducativa.com\/letras-y-numeros\/#\/schema\/person\/e031661828e06d947e45e0b0bd8af469\",\"name\":\"jpaola\",\"image\":{\"@type\":\"ImageObject\",\"inLanguage\":\"es-CO\",\"@id\":\"http:\/\/lanotaeducativa.com\/letras-y-numeros\/#\/schema\/person\/image\/\",\"url\":\"http:\/\/2.gravatar.com\/avatar\/500269047c09faf926cb71a15a39258b?s=96&d=mm&r=g\",\"contentUrl\":\"http:\/\/2.gravatar.com\/avatar\/500269047c09faf926cb71a15a39258b?s=96&d=mm&r=g\",\"caption\":\"jpaola\"},\"url\":\"http:\/\/lanotaeducativa.com\/letras-y-numeros\/author\/jpaola\/\"}]}<\/script>\n<!-- \/ Yoast SEO plugin. -->","yoast_head_json":{"title":"CON UN CONVERSATORIO SOBRE AFGANIST\u00c1N, LA UNIVERSIDAD SERGIO ARBOLEDA PRESENTA SU NUEVA ESCUELA DE HISTORIA - Letras y N\u00fameros","robots":{"index":"index","follow":"follow","max-snippet":"max-snippet:-1","max-image-preview":"max-image-preview:large","max-video-preview":"max-video-preview:-1"},"canonical":"http:\/\/lanotaeducativa.com\/letras-y-numeros\/con-un-conversatorio-sobre-afganistan-la-universidad-sergio-arboleda-presenta-su-nueva-escuela-de-historia\/","og_locale":"es_ES","og_type":"article","og_title":"CON UN CONVERSATORIO SOBRE AFGANIST\u00c1N, LA UNIVERSIDAD SERGIO ARBOLEDA PRESENTA SU NUEVA ESCUELA DE HISTORIA - Letras y N\u00fameros","og_description":"La presentaci\u00f3n se llevar\u00e1 a cabo el jueves 14 de octubre a las 3:00 p.m, en el marco del conversatorio &#8220;Afganist\u00e1n y el declive de Occidente&#8221;.&nbsp; Un pregrado, una maestr\u00eda y un doctorado en Ciencias Sociales con \u00e9nfasis en Historia integran la oferta acad\u00e9mica de este espacio acad\u00e9mico de la Universidad Sergio Arboleda.&nbsp; Con el &hellip; CON UN CONVERSATORIO SOBRE AFGANIST\u00c1N, LA UNIVERSIDAD SERGIO ARBOLEDA PRESENTA SU NUEVA ESCUELA DE HISTORIA Leer m\u00e1s &raquo;","og_url":"http:\/\/lanotaeducativa.com\/letras-y-numeros\/con-un-conversatorio-sobre-afganistan-la-universidad-sergio-arboleda-presenta-su-nueva-escuela-de-historia\/","og_site_name":"Letras y N\u00fameros","article_published_time":"2021-10-13T13:10:41+00:00","article_modified_time":"2021-10-13T13:10:43+00:00","og_image":[{"width":2560,"height":1707,"url":"http:\/\/lanotaeducativa.com\/letras-y-numeros\/wp-content\/uploads\/2021\/10\/e-learning-class-and-e-book-digital-technology-in-education-concept-with-pc-computer-scaled.jpg","type":"image\/jpeg"}],"author":"jpaola","twitter_card":"summary_large_image","twitter_misc":{"Escrito por":"jpaola","Tiempo estimado de lectura":"2 minutos"},"schema":{"@context":"https:\/\/schema.org","@graph":[{"@type":"Article","@id":"http:\/\/lanotaeducativa.com\/letras-y-numeros\/con-un-conversatorio-sobre-afganistan-la-universidad-sergio-arboleda-presenta-su-nueva-escuela-de-historia\/#article","isPartOf":{"@id":"http:\/\/lanotaeducativa.com\/letras-y-numeros\/con-un-conversatorio-sobre-afganistan-la-universidad-sergio-arboleda-presenta-su-nueva-escuela-de-historia\/"},"author":{"name":"jpaola","@id":"http:\/\/lanotaeducativa.com\/letras-y-numeros\/#\/schema\/person\/e031661828e06d947e45e0b0bd8af469"},"headline":"CON UN CONVERSATORIO SOBRE AFGANIST\u00c1N, LA UNIVERSIDAD SERGIO ARBOLEDA PRESENTA SU NUEVA ESCUELA DE HISTORIA","datePublished":"2021-10-13T13:10:41+00:00","dateModified":"2021-10-13T13:10:43+00:00","mainEntityOfPage":{"@id":"http:\/\/lanotaeducativa.com\/letras-y-numeros\/con-un-conversatorio-sobre-afganistan-la-universidad-sergio-arboleda-presenta-su-nueva-escuela-de-historia\/"},"wordCount":404,"commentCount":0,"publisher":{"@id":"http:\/\/lanotaeducativa.com\/letras-y-numeros\/#organization"},"inLanguage":"es-CO","potentialAction":[{"@type":"CommentAction","name":"Comment","target":["http:\/\/lanotaeducativa.com\/letras-y-numeros\/con-un-conversatorio-sobre-afganistan-la-universidad-sergio-arboleda-presenta-su-nueva-escuela-de-historia\/#respond"]}]},{"@type":"WebPage","@id":"http:\/\/lanotaeducativa.com\/letras-y-numeros\/con-un-conversatorio-sobre-afganistan-la-universidad-sergio-arboleda-presenta-su-nueva-escuela-de-historia\/","url":"http:\/\/lanotaeducativa.com\/letras-y-numeros\/con-un-conversatorio-sobre-afganistan-la-universidad-sergio-arboleda-presenta-su-nueva-escuela-de-historia\/","name":"CON UN CONVERSATORIO SOBRE AFGANIST\u00c1N, LA UNIVERSIDAD SERGIO ARBOLEDA PRESENTA SU NUEVA ESCUELA DE HISTORIA - Letras y N\u00fameros","isPartOf":{"@id":"http:\/\/lanotaeducativa.com\/letras-y-numeros\/#website"},"datePublished":"2021-10-13T13:10:41+00:00","dateModified":"2021-10-13T13:10:43+00:00","breadcrumb":{"@id":"http:\/\/lanotaeducativa.com\/letras-y-numeros\/con-un-conversatorio-sobre-afganistan-la-universidad-sergio-arboleda-presenta-su-nueva-escuela-de-historia\/#breadcrumb"},"inLanguage":"es-CO","potentialAction":[{"@type":"ReadAction","target":["http:\/\/lanotaeducativa.com\/letras-y-numeros\/con-un-conversatorio-sobre-afganistan-la-universidad-sergio-arboleda-presenta-su-nueva-escuela-de-historia\/"]}]},{"@type":"BreadcrumbList","@id":"http:\/\/lanotaeducativa.com\/letras-y-numeros\/con-un-conversatorio-sobre-afganistan-la-universidad-sergio-arboleda-presenta-su-nueva-escuela-de-historia\/#breadcrumb","itemListElement":[{"@type":"ListItem","position":1,"name":"Home","item":"http:\/\/lanotaeducativa.com\/letras-y-numeros\/"},{"@type":"ListItem","position":2,"name":"CON UN CONVERSATORIO SOBRE AFGANIST\u00c1N, LA UNIVERSIDAD SERGIO ARBOLEDA PRESENTA SU NUEVA ESCUELA DE HISTORIA"}]},{"@type":"WebSite","@id":"http:\/\/lanotaeducativa.com\/letras-y-numeros\/#website","url":"http:\/\/lanotaeducativa.com\/letras-y-numeros\/","name":"Letras y N\u00fameros","description":"La Nota Educativa","publisher":{"@id":"http:\/\/lanotaeducativa.com\/letras-y-numeros\/#organization"},"potentialAction":[{"@type":"SearchAction","target":{"@type":"EntryPoint","urlTemplate":"http:\/\/lanotaeducativa.com\/letras-y-numeros\/?s={search_term_string}"},"query-input":"required name=search_term_string"}],"inLanguage":"es-CO"},{"@type":"Organization","@id":"http:\/\/lanotaeducativa.com\/letras-y-numeros\/#organization","name":"La Nota Educativa","url":"http:\/\/lanotaeducativa.com\/letras-y-numeros\/","logo":{"@type":"ImageObject","inLanguage":"es-CO","@id":"http:\/\/lanotaeducativa.com\/letras-y-numeros\/#\/schema\/logo\/image\/","url":"http:\/\/lanotaeducativa.com\/letras-y-numeros\/wp-content\/uploads\/2020\/03\/logo.png","contentUrl":"http:\/\/lanotaeducativa.com\/letras-y-numeros\/wp-content\/uploads\/2020\/03\/logo.png","width":359,"height":110,"caption":"La Nota Educativa"},"image":{"@id":"http:\/\/lanotaeducativa.com\/letras-y-numeros\/#\/schema\/logo\/image\/"}},{"@type":"Person","@id":"http:\/\/lanotaeducativa.com\/letras-y-numeros\/#\/schema\/person\/e031661828e06d947e45e0b0bd8af469","name":"jpaola","image":{"@type":"ImageObject","inLanguage":"es-CO","@id":"http:\/\/lanotaeducativa.com\/letras-y-numeros\/#\/schema\/person\/image\/","url":"http:\/\/2.gravatar.com\/avatar\/500269047c09faf926cb71a15a39258b?s=96&d=mm&r=g","contentUrl":"http:\/\/2.gravatar.com\/avatar\/500269047c09faf926cb71a15a39258b?s=96&d=mm&r=g","caption":"jpaola"},"url":"http:\/\/lanotaeducativa.com\/letras-y-numeros\/author\/jpaola\/"}]}},"_links":{"self":[{"href":"http:\/\/lanotaeducativa.com\/letras-y-numeros\/wp-json\/wp\/v2\/posts\/1138"}],"collection":[{"href":"http:\/\/lanotaeducativa.com\/letras-y-numeros\/wp-json\/wp\/v2\/posts"}],"about":[{"href":"http:\/\/lanotaeducativa.com\/letras-y-numeros\/wp-json\/wp\/v2\/types\/post"}],"author":[{"embeddable":true,"href":"http:\/\/lanotaeducativa.com\/letras-y-numeros\/wp-json\/wp\/v2\/users\/3"}],"replies":[{"embeddable":true,"href":"http:\/\/lanotaeducativa.com\/letras-y-numeros\/wp-json\/wp\/v2\/comments?post=1138"}],"version-history":[{"count":1,"href":"http:\/\/lanotaeducativa.com\/letras-y-numeros\/wp-json\/wp\/v2\/posts\/1138\/revisions"}],"predecessor-version":[{"id":1141,"href":"http:\/\/lanotaeducativa.com\/letras-y-numeros\/wp-json\/wp\/v2\/posts\/1138\/revisions\/1141"}],"wp:featuredmedia":[{"embeddable":true,"href":"http:\/\/lanotaeducativa.com\/letras-y-numeros\/wp-json\/wp\/v2\/media\/1140"}],"wp:attachment":[{"href":"http:\/\/lanotaeducativa.com\/letras-y-numeros\/wp-json\/wp\/v2\/media?parent=1138"}],"wp:term":[{"taxonomy":"category","embeddable":true,"href":"http:\/\/lanotaeducativa.com\/letras-y-numeros\/wp-json\/wp\/v2\/categories?post=1138"},{"taxonomy":"post_tag","embeddable":true,"href":"http:\/\/lanotaeducativa.com\/letras-y-numeros\/wp-json\/wp\/v2\/tags?post=1138"}],"curies":[{"name":"wp","href":"https:\/\/api.w.org\/{rel}","templated":true}]}}