{"id":1143,"date":"2021-10-25T07:56:55","date_gmt":"2021-10-25T12:56:55","guid":{"rendered":"http:\/\/lanotaeducativa.com\/letras-y-numeros\/?p=1143"},"modified":"2021-10-25T07:56:56","modified_gmt":"2021-10-25T12:56:56","slug":"libros-en-tela-colombianos-llegan-a-amazon","status":"publish","type":"post","link":"http:\/\/lanotaeducativa.com\/letras-y-numeros\/libros-en-tela-colombianos-llegan-a-amazon\/","title":{"rendered":"LIBROS EN TELA COLOMBIANOS LLEGAN A AMAZON"},"content":{"rendered":"\n<p>Just Imagine se posiciona como el primer emprendimiento 100% colombiano fabricantes de libros infantiles en tela, en llegar al monstruo de ventas americano.<\/p>\n\n\n\n<p>Bogot\u00e1, 10 de octubre 2021<\/p>\n\n\n\n<p>Vanesa Saad, colombiana creadora y fundadora de JUST IMAGINE, editorial infantil fabricante de libros en telas, comenz\u00f3 su emprendimiento hace aproximadamente cinco a\u00f1os como resultado de la b\u00fasqueda de herramientas que le permitieran fortalecer el desarrollo cognitivo y sensorial de su hijo Manuel Andr\u00e9s.<\/p>\n\n\n\n<p>Just Imagine, busca crear momentos memorables a trav\u00e9s del juego y la lectura fomentando y fortaleciendo el v\u00ednculo afectivo entre los padres y sus hijos. Cada uno de sus libros son dise\u00f1ados y confeccionados con mano de obra colombiana, utilizando materiales con certificado Oeko-Tex 100 (no t\u00f3xicos) y cumpliendo con la norma ASTM F963-17,&nbsp; de seguridad para juguetes de ni\u00f1os menores de doce a\u00f1os.<\/p>\n\n\n\n<p>Este negocio familiar ha venido creciendo de forma organizada y, con m\u00e1s de dos mil (2000) libros vendidos se han logrado posicionar como el primer emprendimiento 100% colombiano fabricantes de libros en telas infantiles en llegar a los Estados Unidos, a trav\u00e9s&nbsp; del monstruo de ventas americano; Amazon.&nbsp; El mercado hispano en los Estados Unidos supera los 60 millones de personas, y es por eso que le apuestan a mantener sus libros en espa\u00f1ol.<\/p>\n\n\n\n<p>Actualmente Just Imagine, cuenta con nueve dise\u00f1os propios de libros did\u00e1cticos en tela, con actividades y ejercicios adaptados a cada una de las etapas del desarrollo infantil. Adicionalmente en su sitio web: <em>just-imagine.co<\/em> cuentan con una zona de actividades en casa donde de la mano de profesionales comparten diferentes opciones de uso para cada uno de sus libros.<\/p>\n","protected":false},"excerpt":{"rendered":"<p>Just Imagine se posiciona como el primer emprendimiento 100% colombiano fabricantes de libros infantiles en tela, en llegar al monstruo de ventas americano. Bogot\u00e1, 10 de octubre 2021 Vanesa Saad, colombiana creadora y fundadora de JUST IMAGINE, editorial infantil fabricante de libros en telas, comenz\u00f3 su emprendimiento hace aproximadamente cinco a\u00f1os como resultado de la &hellip;<\/p>\n<p class=\"read-more\"> <a class=\"\" href=\"http:\/\/lanotaeducativa.com\/letras-y-numeros\/libros-en-tela-colombianos-llegan-a-amazon\/\"> <span class=\"screen-reader-text\">LIBROS EN TELA COLOMBIANOS LLEGAN A AMAZON<\/span> Leer m\u00e1s &raquo;<\/a><\/p>\n","protected":false},"author":3,"featured_media":1144,"comment_status":"open","ping_status":"open","sticky":false,"template":"","format":"standard","meta":{"om_disable_all_campaigns":false,"_monsterinsights_skip_tracking":false,"_monsterinsights_sitenote_active":false,"_monsterinsights_sitenote_note":"","_monsterinsights_sitenote_category":0,"_uf_show_specific_survey":0,"_uf_disable_surveys":false,"site-sidebar-layout":"default","site-content-layout":"default","ast-global-header-display":"","ast-banner-title-visibility":"","ast-main-header-display":"","ast-hfb-above-header-display":"","ast-hfb-below-header-display":"","ast-hfb-mobile-header-display":"","site-post-title":"","ast-breadcrumbs-content":"","ast-featured-img":"","footer-sml-layout":"","theme-transparent-header-meta":"default","adv-header-id-meta":"","stick-header-meta":"","header-above-stick-meta":"","header-main-stick-meta":"","header-below-stick-meta":""},"categories":[1],"tags":[],"aioseo_notices":[],"yoast_head":"<!-- This site is optimized with the Yoast SEO plugin v20.9 - https:\/\/yoast.com\/wordpress\/plugins\/seo\/ -->\n<title>LIBROS EN TELA COLOMBIANOS LLEGAN A AMAZON - Letras y N\u00fameros<\/title>\n<meta name=\"robots\" content=\"index, follow, max-snippet:-1, max-image-preview:large, max-video-preview:-1\" \/>\n<link rel=\"canonical\" href=\"http:\/\/lanotaeducativa.com\/letras-y-numeros\/libros-en-tela-colombianos-llegan-a-amazon\/\" \/>\n<meta property=\"og:locale\" content=\"es_ES\" \/>\n<meta property=\"og:type\" content=\"article\" \/>\n<meta property=\"og:title\" content=\"LIBROS EN TELA COLOMBIANOS LLEGAN A AMAZON - Letras y N\u00fameros\" \/>\n<meta property=\"og:description\" content=\"Just Imagine se posiciona como el primer emprendimiento 100% colombiano fabricantes de libros infantiles en tela, en llegar al monstruo de ventas americano. Bogot\u00e1, 10 de octubre 2021 Vanesa Saad, colombiana creadora y fundadora de JUST IMAGINE, editorial infantil fabricante de libros en telas, comenz\u00f3 su emprendimiento hace aproximadamente cinco a\u00f1os como resultado de la &hellip; LIBROS EN TELA COLOMBIANOS LLEGAN A AMAZON Leer m\u00e1s &raquo;\" \/>\n<meta property=\"og:url\" content=\"http:\/\/lanotaeducativa.com\/letras-y-numeros\/libros-en-tela-colombianos-llegan-a-amazon\/\" \/>\n<meta property=\"og:site_name\" content=\"Letras y N\u00fameros\" \/>\n<meta property=\"article:published_time\" content=\"2021-10-25T12:56:55+00:00\" \/>\n<meta property=\"article:modified_time\" content=\"2021-10-25T12:56:56+00:00\" \/>\n<meta property=\"og:image\" content=\"http:\/\/lanotaeducativa.com\/letras-y-numeros\/wp-content\/uploads\/2021\/10\/6.png\" \/>\n\t<meta property=\"og:image:width\" content=\"1920\" \/>\n\t<meta property=\"og:image:height\" content=\"1080\" \/>\n\t<meta property=\"og:image:type\" content=\"image\/png\" \/>\n<meta name=\"author\" content=\"jpaola\" \/>\n<meta name=\"twitter:card\" content=\"summary_large_image\" \/>\n<meta name=\"twitter:label1\" content=\"Escrito por\" \/>\n\t<meta name=\"twitter:data1\" content=\"jpaola\" \/>\n\t<meta name=\"twitter:label2\" content=\"Tiempo estimado de lectura\" \/>\n\t<meta name=\"twitter:data2\" content=\"2 minutos\" \/>\n<script type=\"application\/ld+json\" class=\"yoast-schema-graph\">{\"@context\":\"https:\/\/schema.org\",\"@graph\":[{\"@type\":\"Article\",\"@id\":\"http:\/\/lanotaeducativa.com\/letras-y-numeros\/libros-en-tela-colombianos-llegan-a-amazon\/#article\",\"isPartOf\":{\"@id\":\"http:\/\/lanotaeducativa.com\/letras-y-numeros\/libros-en-tela-colombianos-llegan-a-amazon\/\"},\"author\":{\"name\":\"jpaola\",\"@id\":\"http:\/\/lanotaeducativa.com\/letras-y-numeros\/#\/schema\/person\/e031661828e06d947e45e0b0bd8af469\"},\"headline\":\"LIBROS EN TELA COLOMBIANOS LLEGAN A AMAZON\",\"datePublished\":\"2021-10-25T12:56:55+00:00\",\"dateModified\":\"2021-10-25T12:56:56+00:00\",\"mainEntityOfPage\":{\"@id\":\"http:\/\/lanotaeducativa.com\/letras-y-numeros\/libros-en-tela-colombianos-llegan-a-amazon\/\"},\"wordCount\":287,\"commentCount\":0,\"publisher\":{\"@id\":\"http:\/\/lanotaeducativa.com\/letras-y-numeros\/#organization\"},\"inLanguage\":\"es-CO\",\"potentialAction\":[{\"@type\":\"CommentAction\",\"name\":\"Comment\",\"target\":[\"http:\/\/lanotaeducativa.com\/letras-y-numeros\/libros-en-tela-colombianos-llegan-a-amazon\/#respond\"]}]},{\"@type\":\"WebPage\",\"@id\":\"http:\/\/lanotaeducativa.com\/letras-y-numeros\/libros-en-tela-colombianos-llegan-a-amazon\/\",\"url\":\"http:\/\/lanotaeducativa.com\/letras-y-numeros\/libros-en-tela-colombianos-llegan-a-amazon\/\",\"name\":\"LIBROS EN TELA COLOMBIANOS LLEGAN A AMAZON - Letras y N\u00fameros\",\"isPartOf\":{\"@id\":\"http:\/\/lanotaeducativa.com\/letras-y-numeros\/#website\"},\"datePublished\":\"2021-10-25T12:56:55+00:00\",\"dateModified\":\"2021-10-25T12:56:56+00:00\",\"breadcrumb\":{\"@id\":\"http:\/\/lanotaeducativa.com\/letras-y-numeros\/libros-en-tela-colombianos-llegan-a-amazon\/#breadcrumb\"},\"inLanguage\":\"es-CO\",\"potentialAction\":[{\"@type\":\"ReadAction\",\"target\":[\"http:\/\/lanotaeducativa.com\/letras-y-numeros\/libros-en-tela-colombianos-llegan-a-amazon\/\"]}]},{\"@type\":\"BreadcrumbList\",\"@id\":\"http:\/\/lanotaeducativa.com\/letras-y-numeros\/libros-en-tela-colombianos-llegan-a-amazon\/#breadcrumb\",\"itemListElement\":[{\"@type\":\"ListItem\",\"position\":1,\"name\":\"Home\",\"item\":\"http:\/\/lanotaeducativa.com\/letras-y-numeros\/\"},{\"@type\":\"ListItem\",\"position\":2,\"name\":\"LIBROS EN TELA COLOMBIANOS LLEGAN A AMAZON\"}]},{\"@type\":\"WebSite\",\"@id\":\"http:\/\/lanotaeducativa.com\/letras-y-numeros\/#website\",\"url\":\"http:\/\/lanotaeducativa.com\/letras-y-numeros\/\",\"name\":\"Letras y N\u00fameros\",\"description\":\"La Nota Educativa\",\"publisher\":{\"@id\":\"http:\/\/lanotaeducativa.com\/letras-y-numeros\/#organization\"},\"potentialAction\":[{\"@type\":\"SearchAction\",\"target\":{\"@type\":\"EntryPoint\",\"urlTemplate\":\"http:\/\/lanotaeducativa.com\/letras-y-numeros\/?s={search_term_string}\"},\"query-input\":\"required name=search_term_string\"}],\"inLanguage\":\"es-CO\"},{\"@type\":\"Organization\",\"@id\":\"http:\/\/lanotaeducativa.com\/letras-y-numeros\/#organization\",\"name\":\"La Nota Educativa\",\"url\":\"http:\/\/lanotaeducativa.com\/letras-y-numeros\/\",\"logo\":{\"@type\":\"ImageObject\",\"inLanguage\":\"es-CO\",\"@id\":\"http:\/\/lanotaeducativa.com\/letras-y-numeros\/#\/schema\/logo\/image\/\",\"url\":\"http:\/\/lanotaeducativa.com\/letras-y-numeros\/wp-content\/uploads\/2020\/03\/logo.png\",\"contentUrl\":\"http:\/\/lanotaeducativa.com\/letras-y-numeros\/wp-content\/uploads\/2020\/03\/logo.png\",\"width\":359,\"height\":110,\"caption\":\"La Nota Educativa\"},\"image\":{\"@id\":\"http:\/\/lanotaeducativa.com\/letras-y-numeros\/#\/schema\/logo\/image\/\"}},{\"@type\":\"Person\",\"@id\":\"http:\/\/lanotaeducativa.com\/letras-y-numeros\/#\/schema\/person\/e031661828e06d947e45e0b0bd8af469\",\"name\":\"jpaola\",\"image\":{\"@type\":\"ImageObject\",\"inLanguage\":\"es-CO\",\"@id\":\"http:\/\/lanotaeducativa.com\/letras-y-numeros\/#\/schema\/person\/image\/\",\"url\":\"http:\/\/2.gravatar.com\/avatar\/500269047c09faf926cb71a15a39258b?s=96&d=mm&r=g\",\"contentUrl\":\"http:\/\/2.gravatar.com\/avatar\/500269047c09faf926cb71a15a39258b?s=96&d=mm&r=g\",\"caption\":\"jpaola\"},\"url\":\"http:\/\/lanotaeducativa.com\/letras-y-numeros\/author\/jpaola\/\"}]}<\/script>\n<!-- \/ Yoast SEO plugin. -->","yoast_head_json":{"title":"LIBROS EN TELA COLOMBIANOS LLEGAN A AMAZON - Letras y N\u00fameros","robots":{"index":"index","follow":"follow","max-snippet":"max-snippet:-1","max-image-preview":"max-image-preview:large","max-video-preview":"max-video-preview:-1"},"canonical":"http:\/\/lanotaeducativa.com\/letras-y-numeros\/libros-en-tela-colombianos-llegan-a-amazon\/","og_locale":"es_ES","og_type":"article","og_title":"LIBROS EN TELA COLOMBIANOS LLEGAN A AMAZON - Letras y N\u00fameros","og_description":"Just Imagine se posiciona como el primer emprendimiento 100% colombiano fabricantes de libros infantiles en tela, en llegar al monstruo de ventas americano. Bogot\u00e1, 10 de octubre 2021 Vanesa Saad, colombiana creadora y fundadora de JUST IMAGINE, editorial infantil fabricante de libros en telas, comenz\u00f3 su emprendimiento hace aproximadamente cinco a\u00f1os como resultado de la &hellip; LIBROS EN TELA COLOMBIANOS LLEGAN A AMAZON Leer m\u00e1s &raquo;","og_url":"http:\/\/lanotaeducativa.com\/letras-y-numeros\/libros-en-tela-colombianos-llegan-a-amazon\/","og_site_name":"Letras y N\u00fameros","article_published_time":"2021-10-25T12:56:55+00:00","article_modified_time":"2021-10-25T12:56:56+00:00","og_image":[{"width":1920,"height":1080,"url":"http:\/\/lanotaeducativa.com\/letras-y-numeros\/wp-content\/uploads\/2021\/10\/6.png","type":"image\/png"}],"author":"jpaola","twitter_card":"summary_large_image","twitter_misc":{"Escrito por":"jpaola","Tiempo estimado de lectura":"2 minutos"},"schema":{"@context":"https:\/\/schema.org","@graph":[{"@type":"Article","@id":"http:\/\/lanotaeducativa.com\/letras-y-numeros\/libros-en-tela-colombianos-llegan-a-amazon\/#article","isPartOf":{"@id":"http:\/\/lanotaeducativa.com\/letras-y-numeros\/libros-en-tela-colombianos-llegan-a-amazon\/"},"author":{"name":"jpaola","@id":"http:\/\/lanotaeducativa.com\/letras-y-numeros\/#\/schema\/person\/e031661828e06d947e45e0b0bd8af469"},"headline":"LIBROS EN TELA COLOMBIANOS LLEGAN A AMAZON","datePublished":"2021-10-25T12:56:55+00:00","dateModified":"2021-10-25T12:56:56+00:00","mainEntityOfPage":{"@id":"http:\/\/lanotaeducativa.com\/letras-y-numeros\/libros-en-tela-colombianos-llegan-a-amazon\/"},"wordCount":287,"commentCount":0,"publisher":{"@id":"http:\/\/lanotaeducativa.com\/letras-y-numeros\/#organization"},"inLanguage":"es-CO","potentialAction":[{"@type":"CommentAction","name":"Comment","target":["http:\/\/lanotaeducativa.com\/letras-y-numeros\/libros-en-tela-colombianos-llegan-a-amazon\/#respond"]}]},{"@type":"WebPage","@id":"http:\/\/lanotaeducativa.com\/letras-y-numeros\/libros-en-tela-colombianos-llegan-a-amazon\/","url":"http:\/\/lanotaeducativa.com\/letras-y-numeros\/libros-en-tela-colombianos-llegan-a-amazon\/","name":"LIBROS EN TELA COLOMBIANOS LLEGAN A AMAZON - Letras y N\u00fameros","isPartOf":{"@id":"http:\/\/lanotaeducativa.com\/letras-y-numeros\/#website"},"datePublished":"2021-10-25T12:56:55+00:00","dateModified":"2021-10-25T12:56:56+00:00","breadcrumb":{"@id":"http:\/\/lanotaeducativa.com\/letras-y-numeros\/libros-en-tela-colombianos-llegan-a-amazon\/#breadcrumb"},"inLanguage":"es-CO","potentialAction":[{"@type":"ReadAction","target":["http:\/\/lanotaeducativa.com\/letras-y-numeros\/libros-en-tela-colombianos-llegan-a-amazon\/"]}]},{"@type":"BreadcrumbList","@id":"http:\/\/lanotaeducativa.com\/letras-y-numeros\/libros-en-tela-colombianos-llegan-a-amazon\/#breadcrumb","itemListElement":[{"@type":"ListItem","position":1,"name":"Home","item":"http:\/\/lanotaeducativa.com\/letras-y-numeros\/"},{"@type":"ListItem","position":2,"name":"LIBROS EN TELA COLOMBIANOS LLEGAN A AMAZON"}]},{"@type":"WebSite","@id":"http:\/\/lanotaeducativa.com\/letras-y-numeros\/#website","url":"http:\/\/lanotaeducativa.com\/letras-y-numeros\/","name":"Letras y N\u00fameros","description":"La Nota Educativa","publisher":{"@id":"http:\/\/lanotaeducativa.com\/letras-y-numeros\/#organization"},"potentialAction":[{"@type":"SearchAction","target":{"@type":"EntryPoint","urlTemplate":"http:\/\/lanotaeducativa.com\/letras-y-numeros\/?s={search_term_string}"},"query-input":"required name=search_term_string"}],"inLanguage":"es-CO"},{"@type":"Organization","@id":"http:\/\/lanotaeducativa.com\/letras-y-numeros\/#organization","name":"La Nota Educativa","url":"http:\/\/lanotaeducativa.com\/letras-y-numeros\/","logo":{"@type":"ImageObject","inLanguage":"es-CO","@id":"http:\/\/lanotaeducativa.com\/letras-y-numeros\/#\/schema\/logo\/image\/","url":"http:\/\/lanotaeducativa.com\/letras-y-numeros\/wp-content\/uploads\/2020\/03\/logo.png","contentUrl":"http:\/\/lanotaeducativa.com\/letras-y-numeros\/wp-content\/uploads\/2020\/03\/logo.png","width":359,"height":110,"caption":"La Nota Educativa"},"image":{"@id":"http:\/\/lanotaeducativa.com\/letras-y-numeros\/#\/schema\/logo\/image\/"}},{"@type":"Person","@id":"http:\/\/lanotaeducativa.com\/letras-y-numeros\/#\/schema\/person\/e031661828e06d947e45e0b0bd8af469","name":"jpaola","image":{"@type":"ImageObject","inLanguage":"es-CO","@id":"http:\/\/lanotaeducativa.com\/letras-y-numeros\/#\/schema\/person\/image\/","url":"http:\/\/2.gravatar.com\/avatar\/500269047c09faf926cb71a15a39258b?s=96&d=mm&r=g","contentUrl":"http:\/\/2.gravatar.com\/avatar\/500269047c09faf926cb71a15a39258b?s=96&d=mm&r=g","caption":"jpaola"},"url":"http:\/\/lanotaeducativa.com\/letras-y-numeros\/author\/jpaola\/"}]}},"_links":{"self":[{"href":"http:\/\/lanotaeducativa.com\/letras-y-numeros\/wp-json\/wp\/v2\/posts\/1143"}],"collection":[{"href":"http:\/\/lanotaeducativa.com\/letras-y-numeros\/wp-json\/wp\/v2\/posts"}],"about":[{"href":"http:\/\/lanotaeducativa.com\/letras-y-numeros\/wp-json\/wp\/v2\/types\/post"}],"author":[{"embeddable":true,"href":"http:\/\/lanotaeducativa.com\/letras-y-numeros\/wp-json\/wp\/v2\/users\/3"}],"replies":[{"embeddable":true,"href":"http:\/\/lanotaeducativa.com\/letras-y-numeros\/wp-json\/wp\/v2\/comments?post=1143"}],"version-history":[{"count":1,"href":"http:\/\/lanotaeducativa.com\/letras-y-numeros\/wp-json\/wp\/v2\/posts\/1143\/revisions"}],"predecessor-version":[{"id":1145,"href":"http:\/\/lanotaeducativa.com\/letras-y-numeros\/wp-json\/wp\/v2\/posts\/1143\/revisions\/1145"}],"wp:featuredmedia":[{"embeddable":true,"href":"http:\/\/lanotaeducativa.com\/letras-y-numeros\/wp-json\/wp\/v2\/media\/1144"}],"wp:attachment":[{"href":"http:\/\/lanotaeducativa.com\/letras-y-numeros\/wp-json\/wp\/v2\/media?parent=1143"}],"wp:term":[{"taxonomy":"category","embeddable":true,"href":"http:\/\/lanotaeducativa.com\/letras-y-numeros\/wp-json\/wp\/v2\/categories?post=1143"},{"taxonomy":"post_tag","embeddable":true,"href":"http:\/\/lanotaeducativa.com\/letras-y-numeros\/wp-json\/wp\/v2\/tags?post=1143"}],"curies":[{"name":"wp","href":"https:\/\/api.w.org\/{rel}","templated":true}]}}